{"id":14337,"date":"2022-08-18T00:00:55","date_gmt":"2022-08-18T00:00:55","guid":{"rendered":"https:\/\/beta.filstone.com\/?p=14337"},"modified":"2025-09-15T10:49:41","modified_gmt":"2025-09-15T10:49:41","slug":"filstone-participa-na-marmomac-2022-italia","status":"publish","type":"post","link":"https:\/\/filstone.com\/en\/news\/filstone-participa-na-marmomac-2022-italia\/","title":{"rendered":"Filstone participa na Marmomac 2022 \u2013 It\u00e1lia"},"content":{"rendered":"<p>Marmomac 2022 marca o regresso da Filstone a VeronaFiere, entre 27 e 30 de setembro, com uma apresenta\u00e7\u00e3o centrada na pedra natural portuguesa e na proximidade t\u00e9cnica a projetistas, instaladores e compradores internacionais. Depois da estreia do granito de Alpalh\u00e3o na edi\u00e7\u00e3o anterior, celebramos duas d\u00e9cadas de atividade com um stand interior focado na experi\u00eancia de materiais e um espa\u00e7o exterior dedicado a aplica\u00e7\u00f5es e escala real.<\/p>\n<p>Localiza\u00e7\u00e3o dos stands: interior Hall 12 \u2014 B1-C1-D1; exterior \u00c1rea E \u2014 557-559. Ao longo dos quatro dias, convidamos os visitantes a conhecer calc\u00e1rio e granito em diferentes acabamentos, bem como a marca Stork by Filstone em pe\u00e7as de revestimento, mobili\u00e1rio e blocos selecionados.<\/p>\n<h2>Marmomac 2022: factos e dados verificados<\/h2>\n<p>Os espa\u00e7os foram pensados para visitas objetivas e produtivas. No stand interior, a sele\u00e7\u00e3o evidencia estabilidade crom\u00e1tica, toler\u00e2ncias e documenta\u00e7\u00e3o dispon\u00edvel para obra p\u00fablica e privada. No exterior, o foco recai na leitura de textura e desempenho em contexto de uso. A equipa t\u00e9cnica assegura informa\u00e7\u00e3o clara sobre DoP, marca\u00e7\u00e3o CE, ensaios e op\u00e7\u00f5es de acabamento para pavimentos, fachadas e interiores.<\/p>\n<h2>Do terreno \u00e0 obra: implica\u00e7\u00f5es pr\u00e1ticas<\/h2>\n<p>As escolhas feitas na pedreira e no armaz\u00e9m refletem-se em prazos e qualidade em obra. A gest\u00e3o de stock por extra\u00e7\u00e3o, a regularidade de corte e o embalamento adequado reduzem n\u00e3o conformidades e perdas de tempo no estaleiro. Para quem procura cor e continuidade em fachada, descubra o nosso <a href=\"\/en\/products\/limestone\/\">calc\u00e1rio \u2014 ver gama<\/a>. Para pavimentos e espa\u00e7os p\u00fablicos intensivos, o granito de Alpalh\u00e3o integra a nossa resposta com resist\u00eancia ao desgaste e leitura est\u00e9tica consistente.<\/p>\n<h2>Parcerias que acrescentam valor<\/h2>\n<p>Trabalhamos em proximidade com gabinetes de projeto, instaladores e donos de obra. O alinhamento antecipado sobre toler\u00e2ncias, planos de corte e log\u00edstica internacional encurta prazos e simplifica a instala\u00e7\u00e3o. A liga\u00e7\u00e3o ao territ\u00f3rio \u2014 Serras de Aire e Candeeiros e Alpalh\u00e3o \u2014 garante rastreabilidade e previsibilidade de volumes. Para saber mais sobre a origem, consulte as nossas <a href=\"\/en\/filstone\/quarries\/\">pedreiras Filstone<\/a>.<\/p>\n<h2>Como apoiamos especifica\u00e7\u00e3o e fornecimento<\/h2>\n<p>No stand, est\u00e3o dispon\u00edveis amostras, fichas t\u00e9cnicas, DoP e marca\u00e7\u00e3o CE, com apoio de engenharia para sistemas de fixa\u00e7\u00e3o e m\u00e9todos de assentamento. Se pretende agendar reuni\u00e3o, discutir prazos ou solicitar amostras, utilize o <a href=\"\/en\/contacts\/\">contacto comercial B2B<\/a>. O objetivo \u00e9 simples: permitir decis\u00f5es r\u00e1pidas, com base t\u00e9cnica e compromisso de fornecimento.<\/p>\n<p>Informa\u00e7\u00e3o oficial do evento dispon\u00edvel no site da <a href=\"https:\/\/www.marmomac.com\/\" rel=\"noopener\" target=\"_blank\">Marmomac<\/a>. Planeie a sua visita e encontre-nos no Hall 12 (B1-C1-D1) e na \u00c1rea E (557-559), em VeronaFiere.<\/p>","protected":false},"excerpt":{"rendered":"<p>Marmomac 2022 marca o regresso da Filstone a VeronaFiere, entre 27 e 30 de setembro, com uma apresenta\u00e7\u00e3o centrada na pedra natural portuguesa e na proximidade t\u00e9cnica a projetistas, instaladores e compradores internacionais. Depois da estreia do granito de Alpalh\u00e3o na edi\u00e7\u00e3o anterior, celebramos duas d\u00e9cadas de atividade com um stand interior focado na experi\u00eancia [&hellip;]<\/p>","protected":false},"author":1,"featured_media":14340,"comment_status":"open","ping_status":"open","sticky":false,"template":"","format":"standard","meta":{"_acf_changed":false,"footnotes":""},"categories":[104],"tags":[110,126],"class_list":["post-14337","post","type-post","status-publish","format-standard","has-post-thumbnail","hentry","category-feiras-e-eventos","tag-marmomac","tag-pedra-natural-portuguesa"],"acf":[],"_links":{"self":[{"href":"https:\/\/filstone.com\/en\/wp-json\/wp\/v2\/posts\/14337","targetHints":{"allow":["GET"]}}],"collection":[{"href":"https:\/\/filstone.com\/en\/wp-json\/wp\/v2\/posts"}],"about":[{"href":"https:\/\/filstone.com\/en\/wp-json\/wp\/v2\/types\/post"}],"author":[{"embeddable":true,"href":"https:\/\/filstone.com\/en\/wp-json\/wp\/v2\/users\/1"}],"replies":[{"embeddable":true,"href":"https:\/\/filstone.com\/en\/wp-json\/wp\/v2\/comments?post=14337"}],"version-history":[{"count":1,"href":"https:\/\/filstone.com\/en\/wp-json\/wp\/v2\/posts\/14337\/revisions"}],"predecessor-version":[{"id":14341,"href":"https:\/\/filstone.com\/en\/wp-json\/wp\/v2\/posts\/14337\/revisions\/14341"}],"wp:featuredmedia":[{"embeddable":true,"href":"https:\/\/filstone.com\/en\/wp-json\/wp\/v2\/media\/14340"}],"wp:attachment":[{"href":"https:\/\/filstone.com\/en\/wp-json\/wp\/v2\/media?parent=14337"}],"wp:term":[{"taxonomy":"category","embeddable":true,"href":"https:\/\/filstone.com\/en\/wp-json\/wp\/v2\/categories?post=14337"},{"taxonomy":"post_tag","embeddable":true,"href":"https:\/\/filstone.com\/en\/wp-json\/wp\/v2\/tags?post=14337"}],"curies":[{"name":"wp","href":"https:\/\/api.w.org\/{rel}","templated":true}]}}